{"id":10377,"date":"-0001-11-30T00:00:00","date_gmt":"-0001-11-30T00:14:44","guid":{"rendered":""},"modified":"-0001-11-30T00:00:00","modified_gmt":"-0001-11-29T22:00:00","slug":"entrada-10377","status":"publish","type":"post","link":"https:\/\/puzzledelahistoria.com\/?p=10377","title":{"rendered":"El Abad Esacrr\u00e9 de Montserrat toma un papel protagonista, que lo enfrenta al r\u00e9gimen franquista."},"content":{"rendered":"<p>La evoluci\u00f3n ideol\u00f3gica de el abad de Montserrat, Aureli Maria Escarr\u00e9, favorece que el monasterio se convierta, sobre todo desde el final de la d\u00e9cada de los cincuenta, en un espacio de libertad donde se protegen iniciativas culturales y catalanistas. Poco a poco, el mismo abad toma un papel de m\u00e1s protagonismo, que lo enfrenta directamente al r\u00e9gimen franquista. El esp\u00edritu renovador impulsado por el papa Juan XXIII ayuda todav\u00eda m\u00e1s en la misma direcci\u00f3n. El momento culminante es la entrevista que Escarr\u00e9 concede al diario \u00abLe Monde\u00bb y que es publicada en la fecha, bajo el t\u00edtulo: \u00abEl r\u00e8gim espanyol es diu cristi\u00e0, per\u00f2 no obeeix als principis b\u00e0sics del cristianisme\u00bb. Obviamente, esto no gusta a FRANCO, que lo forzar\u00e1 al exilio. En la entrevista a \u00abLe Monde\u00bb, el abad Escarr\u00e9 tiene duras palabras dirigidas al r\u00e9gimen franquista. Niega la campa\u00f1a de los 25 a\u00f1os de paz y dice que nada m\u00e1s han sido 25 a\u00f1os de victoria. Afirma que Catalunya es una naci\u00f3n entre las nacionalidades espa\u00f1olas y pide un clima de libertad y excarcelaci\u00f3n de los presos pol\u00edticos.<\/p>\n","protected":false},"excerpt":{"rendered":"<p>La evoluci\u00f3n ideol\u00f3gica de el abad de Montserrat, Aureli Maria Escarr\u00e9, favorece que el monasterio se convierta, sobre todo desde el final de la d\u00e9cada de los cincuenta, en un espacio de libertad donde se protegen iniciativas culturales y catalanistas. Poco a poco, el mismo abad toma un papel de m\u00e1s protagonismo, que lo enfrenta [&hellip;]<\/p>\n","protected":false},"author":0,"featured_media":0,"comment_status":"closed","ping_status":"open","sticky":false,"template":"","format":"standard","meta":{"footnotes":""},"categories":[3417,3210,3444,4052,338],"tags":[],"class_list":["post-10377","post","type-post","status-publish","format-standard","hentry","category-tema-3417","category-tema-3210","category-tema-3444","category-tema-4052","category-tema-338"],"_links":{"self":[{"href":"https:\/\/puzzledelahistoria.com\/index.php?rest_route=\/wp\/v2\/posts\/10377"}],"collection":[{"href":"https:\/\/puzzledelahistoria.com\/index.php?rest_route=\/wp\/v2\/posts"}],"about":[{"href":"https:\/\/puzzledelahistoria.com\/index.php?rest_route=\/wp\/v2\/types\/post"}],"replies":[{"embeddable":true,"href":"https:\/\/puzzledelahistoria.com\/index.php?rest_route=%2Fwp%2Fv2%2Fcomments&post=10377"}],"version-history":[{"count":0,"href":"https:\/\/puzzledelahistoria.com\/index.php?rest_route=\/wp\/v2\/posts\/10377\/revisions"}],"wp:attachment":[{"href":"https:\/\/puzzledelahistoria.com\/index.php?rest_route=%2Fwp%2Fv2%2Fmedia&parent=10377"}],"wp:term":[{"taxonomy":"category","embeddable":true,"href":"https:\/\/puzzledelahistoria.com\/index.php?rest_route=%2Fwp%2Fv2%2Fcategories&post=10377"},{"taxonomy":"post_tag","embeddable":true,"href":"https:\/\/puzzledelahistoria.com\/index.php?rest_route=%2Fwp%2Fv2%2Ftags&post=10377"}],"curies":[{"name":"wp","href":"https:\/\/api.w.org\/{rel}","templated":true}]}}