{"id":29570,"date":"-0001-11-30T00:00:00","date_gmt":"-0001-11-30T00:14:44","guid":{"rendered":""},"modified":"-0001-11-30T00:00:00","modified_gmt":"-0001-11-29T22:00:00","slug":"entrada-29570","status":"publish","type":"post","link":"https:\/\/puzzledelahistoria.com\/?p=29570","title":{"rendered":"JUAN XXII publica una bula en la que condena la postura de los franciscanos espirituales, tambi\u00e9n conocidos como fraticelli."},"content":{"rendered":"<p>En el seno de la orden franciscana se hab\u00eda producido en 1245 una divisi\u00f3n entre los llamados \u00abconventuales\u00bb y los \u00abespirituales\u00bb, radicales que defend\u00edan un ideal de pobreza absoluta alegando que tanto Jes\u00fas como sus disc\u00edpulos carec\u00edan de posesiones ni individuales ni comunales. En 1318, JUAN XXII publica una bula en la que condena la postura de los espirituales, tambi\u00e9n conocidos como <em>fraticelli<\/em>, calific\u00e1ndola como her\u00e9tica y citando al general de la Orden, Miguel de Cesena, a comparecer en la sede de Avi\u00f1on. \u00c9ste, que no pertenece a la facci\u00f3n radical, se niega a aceptar los argumentos papales y decide buscar la protecci\u00f3n del rey Luis IV de Baviera por lo que, tras ser expulsado de la orden, es excomulgado.<\/p>\n","protected":false},"excerpt":{"rendered":"<p>En el seno de la orden franciscana se hab\u00eda producido en 1245 una divisi\u00f3n entre los llamados \u00abconventuales\u00bb y los \u00abespirituales\u00bb, radicales que defend\u00edan un ideal de pobreza absoluta alegando que tanto Jes\u00fas como sus disc\u00edpulos carec\u00edan de posesiones ni individuales ni comunales. En 1318, JUAN XXII publica una bula en la que condena la [&hellip;]<\/p>\n","protected":false},"author":0,"featured_media":0,"comment_status":"closed","ping_status":"open","sticky":false,"template":"","format":"standard","meta":{"footnotes":""},"categories":[688,3142,4050,583],"tags":[],"class_list":["post-29570","post","type-post","status-publish","format-standard","hentry","category-tema-688","category-tema-3142","category-tema-4050","category-tema-583"],"_links":{"self":[{"href":"https:\/\/puzzledelahistoria.com\/index.php?rest_route=\/wp\/v2\/posts\/29570"}],"collection":[{"href":"https:\/\/puzzledelahistoria.com\/index.php?rest_route=\/wp\/v2\/posts"}],"about":[{"href":"https:\/\/puzzledelahistoria.com\/index.php?rest_route=\/wp\/v2\/types\/post"}],"replies":[{"embeddable":true,"href":"https:\/\/puzzledelahistoria.com\/index.php?rest_route=%2Fwp%2Fv2%2Fcomments&post=29570"}],"version-history":[{"count":0,"href":"https:\/\/puzzledelahistoria.com\/index.php?rest_route=\/wp\/v2\/posts\/29570\/revisions"}],"wp:attachment":[{"href":"https:\/\/puzzledelahistoria.com\/index.php?rest_route=%2Fwp%2Fv2%2Fmedia&parent=29570"}],"wp:term":[{"taxonomy":"category","embeddable":true,"href":"https:\/\/puzzledelahistoria.com\/index.php?rest_route=%2Fwp%2Fv2%2Fcategories&post=29570"},{"taxonomy":"post_tag","embeddable":true,"href":"https:\/\/puzzledelahistoria.com\/index.php?rest_route=%2Fwp%2Fv2%2Ftags&post=29570"}],"curies":[{"name":"wp","href":"https:\/\/api.w.org\/{rel}","templated":true}]}}